{"id":523,"date":"2020-09-19T11:56:39","date_gmt":"2020-09-19T11:56:39","guid":{"rendered":"https:\/\/ciclandocarballo.gal\/?p=523"},"modified":"2021-03-11T21:47:55","modified_gmt":"2021-03-11T21:47:55","slug":"carballo-celebrara-manana-el-dia-sin-coches-cortando-varias-calles-de-distintos-barrios-para-convertirlas-en-espacios-de-juego","status":"publish","type":"post","link":"https:\/\/ciclandocarballo.gal\/es\/2020\/09\/19\/carballo-celebrara-manana-el-dia-sin-coches-cortando-varias-calles-de-distintos-barrios-para-convertirlas-en-espacios-de-juego\/","title":{"rendered":"Carballo celebrar\u00e1 ma\u00f1ana el D\u00eda sin Coches cortando varias calles de distintos barrios para convertirlas en espacios de juego."},"content":{"rendered":"\n<blockquote class=\"wp-block-quote\"><p>Ma\u00f1\u00e1 tam\u00e9n se levar\u00e1 a cabo o obradoiro de bicicleta para mulleres \u201cPedaleando pola igualdade\u201d. A\u00ednda quedan prazas!<\/p><\/blockquote>\n\n\n\n<p>Por primeira vez dende que participamos na Semana Europea da Mobilidade (e levamos uns cantos anos), Carballo vai celebrar o D\u00eda sen Coches. Ser\u00e1 ma\u00f1\u00e1 domingo, e consistir\u00e1 no peche ao tr\u00e1fico rodado de varias r\u00faas de distintos barrios para convertelas en espazos de xogo para pequenos e maiores.<\/p>\n\n\n\n<figure class=\"wp-block-image size-large\"><img loading=\"lazy\" width=\"800\" height=\"460\" src=\"https:\/\/ciclandocarballo.gal\/wp-content\/uploads\/2021\/03\/77800x460.jpg\" alt=\"\" class=\"wp-image-362\" srcset=\"https:\/\/ciclandocarballo.gal\/wp-content\/uploads\/2021\/03\/77800x460.jpg 800w, https:\/\/ciclandocarballo.gal\/wp-content\/uploads\/2021\/03\/77800x460-300x173.jpg 300w, https:\/\/ciclandocarballo.gal\/wp-content\/uploads\/2021\/03\/77800x460-768x442.jpg 768w\" sizes=\"(max-width: 800px) 100vw, 800px\" \/><\/figure>\n\n\n\n<p>O <strong>D\u00eda sen Coches<\/strong> levarase a cabo dende as 10:00 ata as 22:00 horas nas r\u00faas Vila de Laxe (Chor\u00eds), Eduardo Pondal (A Granxa) e Concepci\u00f3n Arenal, Cervantes e Valle-Incl\u00e1n (centro). Nestes tres barrios celebraranse actividades simult\u00e1neas: pintado de xogos no chan, m\u00f3dulos tipo skate-park para uso con patinetes e bicicletas, actividades deportivas&#8230; Na r\u00faa Vila de Laxe haber\u00e1 zumba, cun grupo de nenos e nenas \u00e1s 11:00 e outro para persoas adultas a continuaci\u00f3n. Se queres participar inscr\u00edbete enviando unha mensaxe de WhatsApp ao n\u00famero 664 821 005.<\/p>\n\n\n\n<p>Paralelamente, de 11:00 a 12:30 horas teremos outra actividade novidosa no aparcamento do Pazo da Cultura (A Cristina): un obradoiro para mulleres que levan tempo sen andar en bici e queren recuperar o h\u00e1bito ou que queren mellorar as s\u00faas habilidades. Monitores\/as do Club Ciclista Carballo V\u00e1zquez y Reino encargaranse de achegarlles os co\u00f1ecementos necesarios nunha sesi\u00f3n te\u00f3rico-pr\u00e1ctica que rematar\u00e1 cunha pequena ruta. \u201c<strong>Pedaleando pola igualdade<\/strong>\u201d \u00e9 a denominaci\u00f3n desta actividade, na que tam\u00e9n colabora a Concellar\u00eda de Igualdade e Benestar. A\u00ednda quedan prazas! Inscr\u00edbete enviando un correo electr\u00f3nico a <a href=\"mailto:cccarballo@cccarballo.com\">cccarballo@cccarballo.com<\/a>.<\/p>\n\n\n\n<h2>Boa resposta<\/h2>\n\n\n\n<p>Como en todas as actividades que estamos a levar a cabo dentro da Semana Europea da Mobilidade, as persoas participantes deber\u00e1n respectar as medidas de prevenci\u00f3n fronte \u00e1 COVID-19. Malia \u00e1s estritas normas e aos grupos reducidos establecidos para todas as iniciativas, a resposta da cidadan\u00eda est\u00e1 sendo moi boa. No <strong>circu\u00edto de seguridade viaria para bicicletas e patinetes<\/strong> que abriu a SEM participaron 44 nenos e nenas; na actividade \u201c<strong>\u00c1 feira en bicicleta<\/strong>\u201d contamos con sete; na <strong>Andaina con Senda Nova<\/strong> pola Ruta dos Mu\u00ed\u00f1os do Pan completouse un grupo de 10 malia o treb\u00f3n que caeu pouco antes de arrincar, e hoxe, na <strong>Ruta urbana en bicicleta<\/strong>, volvemos a superar as 40 persoas. Dende a Concellar\u00eda de Mobilidade, o seu titular, Juan Seoane, fai unha valoraci\u00f3n moi positiva desta primeira parte da semana.<\/p>\n\n\n\n<h2>Pr\u00f3ximas actividades<\/h2>\n\n\n\n<p>O luns continuaremos, neste caso celebrando o <strong>D\u00eda da Accesibilidade<\/strong> en colaboraci\u00f3n coa Asociaci\u00f3n \u00cdntegro. Pola ma\u00f1\u00e1 ocuparemos con cadeiras de rodas varias prazas de aparcamento da r\u00faa Cervantes para chamar a atenci\u00f3n sobre a necesidade de respectar as prazas para persoas con mobilidade reducida, e pola tarde \u201cchequearemos\u201d a accesibilidade das zonas da Cristina e A Milagrosa.<\/p>\n\n\n\n<p>A Semana Europea da Mobilidade rematar\u00e1 o d\u00eda 22 coa <strong>colocaci\u00f3n de aparcabicis<\/strong> e o <strong>pintado das rutas do Pedib\u00fas<\/strong>.<\/p>\n","protected":false},"excerpt":{"rendered":"<p>Ma\u00f1\u00e1 tam\u00e9n se levar\u00e1 a cabo o obradoiro de bicicleta para mulleres \u201cPedaleando pola igualdade\u201d. A\u00ednda quedan prazas! Por primeira vez dende que participamos na Semana Europea da Mobilidade (e levamos uns cantos anos), Carballo vai celebrar o D\u00eda sen Coches. Ser\u00e1 ma\u00f1\u00e1 domingo, e consistir\u00e1 no peche ao tr\u00e1fico rodado de varias r\u00faas de<a class=\"custom-read-more\" href=\"https:\/\/ciclandocarballo.gal\/es\/2020\/09\/19\/carballo-celebrara-manana-el-dia-sin-coches-cortando-varias-calles-de-distintos-barrios-para-convertirlas-en-espacios-de-juego\/\">Leer m\u00e1s<\/a><\/p>\n","protected":false},"author":1,"featured_media":362,"comment_status":"closed","ping_status":"closed","sticky":false,"template":"","format":"standard","meta":[],"categories":[32],"tags":[],"_links":{"self":[{"href":"https:\/\/ciclandocarballo.gal\/es\/wp-json\/wp\/v2\/posts\/523"}],"collection":[{"href":"https:\/\/ciclandocarballo.gal\/es\/wp-json\/wp\/v2\/posts"}],"about":[{"href":"https:\/\/ciclandocarballo.gal\/es\/wp-json\/wp\/v2\/types\/post"}],"author":[{"embeddable":true,"href":"https:\/\/ciclandocarballo.gal\/es\/wp-json\/wp\/v2\/users\/1"}],"replies":[{"embeddable":true,"href":"https:\/\/ciclandocarballo.gal\/es\/wp-json\/wp\/v2\/comments?post=523"}],"version-history":[{"count":2,"href":"https:\/\/ciclandocarballo.gal\/es\/wp-json\/wp\/v2\/posts\/523\/revisions"}],"predecessor-version":[{"id":845,"href":"https:\/\/ciclandocarballo.gal\/es\/wp-json\/wp\/v2\/posts\/523\/revisions\/845"}],"wp:featuredmedia":[{"embeddable":true,"href":"https:\/\/ciclandocarballo.gal\/es\/wp-json\/wp\/v2\/media\/362"}],"wp:attachment":[{"href":"https:\/\/ciclandocarballo.gal\/es\/wp-json\/wp\/v2\/media?parent=523"}],"wp:term":[{"taxonomy":"category","embeddable":true,"href":"https:\/\/ciclandocarballo.gal\/es\/wp-json\/wp\/v2\/categories?post=523"},{"taxonomy":"post_tag","embeddable":true,"href":"https:\/\/ciclandocarballo.gal\/es\/wp-json\/wp\/v2\/tags?post=523"}],"curies":[{"name":"wp","href":"https:\/\/api.w.org\/{rel}","templated":true}]}}