{"id":525,"date":"2020-09-14T11:57:28","date_gmt":"2020-09-14T11:57:28","guid":{"rendered":"https:\/\/ciclandocarballo.gal\/?p=525"},"modified":"2021-03-11T21:48:26","modified_gmt":"2021-03-11T21:48:26","slug":"carballo-vivira-este-ano-una-semana-europea-de-la-mobilidad-marcada-por-las-restriciones-obligadas-por-la-covid-19","status":"publish","type":"post","link":"https:\/\/ciclandocarballo.gal\/es\/2020\/09\/14\/carballo-vivira-este-ano-una-semana-europea-de-la-mobilidad-marcada-por-las-restriciones-obligadas-por-la-covid-19\/","title":{"rendered":"Carballo vivir\u00e1 este a\u00f1o una Semana Europea de la Mobilidad marcada por las restriciones obligadas por la COVID-19"},"content":{"rendered":"\n<blockquote class=\"wp-block-quote\"><p>Presentado o programa de actividades organizado pola Concellar\u00eda de Mobilidade coa colaboraci\u00f3n da \u00e1rea de Igualdade, o Club Ciclista Carballo, \u00cdntegro e Senda Nova<\/p><\/blockquote>\n\n\n\n<p>O Concello de Carballo s\u00famase un ano m\u00e1is \u00e1 <strong>Semana Europea da Mobilidade<\/strong>, na que participan 2.505 cidades de 47 pa\u00edses. O programa, dese\u00f1ado pola Concellar\u00eda de Mobilidade coa colaboraci\u00f3n da \u00e1rea de Igualdade, o Club Ciclista Carballo V\u00e1zquez y Reino, Senda Nova e \u00cdntegro, present\u00e1molo hoxe ao aire libre, aproveitando o novo mobiliario da contorna do F\u00f3rum, nun acto no que participaron Juan Seoane, concelleiro de Mobilidade; Maica Ures, concelleira de Igualdade; Eva Came\u00e1n, de Senda Nova, e Adolfo L\u00f3pez Ba\u00f1a e Tania Bartucca, de \u00cdntegro.<\/p>\n\n\n\n<figure class=\"wp-block-image size-large\"><img loading=\"lazy\" width=\"800\" height=\"460\" src=\"https:\/\/ciclandocarballo.gal\/wp-content\/uploads\/2021\/03\/76800x460.jpg\" alt=\"\" class=\"wp-image-366\" srcset=\"https:\/\/ciclandocarballo.gal\/wp-content\/uploads\/2021\/03\/76800x460.jpg 800w, https:\/\/ciclandocarballo.gal\/wp-content\/uploads\/2021\/03\/76800x460-300x173.jpg 300w, https:\/\/ciclandocarballo.gal\/wp-content\/uploads\/2021\/03\/76800x460-768x442.jpg 768w\" sizes=\"(max-width: 800px) 100vw, 800px\" \/><\/figure>\n\n\n\n<p>Juan Seoane explicou o contido do programa, marcado polas restrici\u00f3ns derivadas da situaci\u00f3n sanitaria e polas medidas preventivas pola COVID-19. Por iso en todas as actividades faranse grupos reducidos, respectaranse o uso de m\u00e1scara, a distancia de seguridade ou, no seu caso, a desinfecci\u00f3n dos obxectos que se utilicen. Por primeira vez, ademais, <strong>Carballo participar\u00e1 no D\u00eda sen Coches<\/strong>, unha iniciativa que desenvolveremos simultaneamente en distintos barrios urbanos, nos que se cortar\u00e1n r\u00faas para que as ocupen os pe\u00f3ns con xogos e actividades e para visibilizar unha transformaci\u00f3n urbana que pouco a pouco vai chegando a toda a vila.<\/p>\n\n\n\n<p>O D\u00eda sen Coches coincidir\u00e1 coa celebraci\u00f3n da actividade \u201cPedaleando pola igualdade\u201d, que a Concellar\u00eda de Igualdade tivo que suspender en marzo e que retoma agora partindo da base de que \u201ca bicicleta foi un s\u00edmbolo de liberaci\u00f3n da muller\u201d, como destacou a concelleira Maica Ures. Con esta actividade, na que tam\u00e9n colabora o Club Ciclista Carballo, tr\u00e1tase de \u201cdarlles recursos \u00e1s mulleres para poder andar en bicicleta e que se sintan libres\u201d, engadiu.<img src=\"http:\/\/www.carballo.org\/media\/img\/IMG_20200914_123633.jpg\" alt=\"Juan Seoane, Eva Came\u00e1n, Adolfo L\u00f3pez, Tania Bartucca e Maica Ures\"><\/p>\n\n\n\n<p>Juan Seoane, Eva Came\u00e1n, Adolfo L\u00f3pez, Tania Bartucca e Maica Ures<\/p>\n\n\n\n<figure class=\"wp-block-image size-large\"><img loading=\"lazy\" width=\"1024\" height=\"766\" src=\"https:\/\/ciclandocarballo.gal\/wp-content\/uploads\/2021\/03\/IMG_20200914_123633-1024x766.jpg\" alt=\"\" class=\"wp-image-367\" srcset=\"https:\/\/ciclandocarballo.gal\/wp-content\/uploads\/2021\/03\/IMG_20200914_123633-1024x766.jpg 1024w, https:\/\/ciclandocarballo.gal\/wp-content\/uploads\/2021\/03\/IMG_20200914_123633-300x224.jpg 300w, https:\/\/ciclandocarballo.gal\/wp-content\/uploads\/2021\/03\/IMG_20200914_123633-768x575.jpg 768w, https:\/\/ciclandocarballo.gal\/wp-content\/uploads\/2021\/03\/IMG_20200914_123633-1536x1149.jpg 1536w, https:\/\/ciclandocarballo.gal\/wp-content\/uploads\/2021\/03\/IMG_20200914_123633-2048x1532.jpg 2048w, https:\/\/ciclandocarballo.gal\/wp-content\/uploads\/2021\/03\/IMG_20200914_123633-1200x898.jpg 1200w, https:\/\/ciclandocarballo.gal\/wp-content\/uploads\/2021\/03\/IMG_20200914_123633-1980x1481.jpg 1980w\" sizes=\"(max-width: 1024px) 100vw, 1024px\" \/><\/figure>\n\n\n\n<p>\u201cNun momento no que se tende m\u00e1is a non facer que a facer, d\u00e1 gusto que se fagan este tipo de actividades\u201d, apuntou Eva Came\u00e1n. A Asociaci\u00f3n Ambiental Senda Nova guiar\u00e1 por segundo ano unha ruta pola beira do Anll\u00f3ns dende a Ponte de B\u00e9rtoa ata o Mu\u00ed\u00f1o da Cheda \u201cpara po\u00f1er en valor tam\u00e9n as marxes dos r\u00edos, que son dos poucos lugares que quedan con vexetaci\u00f3n aut\u00f3ctona\u201d. As prazas son limitadas e prec\u00edsase inscrici\u00f3n previa a trav\u00e9s do correo electr\u00f3nico <a href=\"mailto:sendanova@hotmail.com\">sendanova@hotmail.com<\/a>.<\/p>\n\n\n\n<p>Ademais de Senda Nova, tam\u00e9n \u00cdntegro repite colaboraci\u00f3n, pero este ano \u201ccunha actividade que nunca se fixera\u201d, como sinalou o presidente da asociaci\u00f3n, Adolfo L\u00f3pez Ba\u00f1a. Ser\u00e1 o luns 21, que converteremos no D\u00eda da Accesibilidade ocupando con cadeiras de rodas varias prazas de aparcamento \u201cpara que a xente que ocupa as prazas para persoas con mobilidade reducida vexa o mal que se sentir\u00eda se lle pasase a eles. Non hai prazas para persoas con mobilidade reducida porque queiramos, sen\u00f3n porque as precisamos\u201d. E despois desa actividade matinal, pola tarde sairemos de ruta con cadeiras de rodas para \u201cchequear\u201d a accesibilidade da contorna do F\u00f3rum.<\/p>\n\n\n\n<p>O programa da Semana Europea da Mobilidade celebrarase dende o 16 ata o 22 de setembro. Tes todos os detalles aqu\u00ed abaixo.<\/p>\n\n\n\n<figure class=\"wp-block-image size-large\"><img loading=\"lazy\" width=\"724\" height=\"1024\" src=\"https:\/\/ciclandocarballo.gal\/wp-content\/uploads\/2021\/03\/Mercores_16_2-724x1024.jpg\" alt=\"\" class=\"wp-image-369\" srcset=\"https:\/\/ciclandocarballo.gal\/wp-content\/uploads\/2021\/03\/Mercores_16_2-724x1024.jpg 724w, https:\/\/ciclandocarballo.gal\/wp-content\/uploads\/2021\/03\/Mercores_16_2-212x300.jpg 212w, https:\/\/ciclandocarballo.gal\/wp-content\/uploads\/2021\/03\/Mercores_16_2-768x1086.jpg 768w, https:\/\/ciclandocarballo.gal\/wp-content\/uploads\/2021\/03\/Mercores_16_2-1086x1536.jpg 1086w, https:\/\/ciclandocarballo.gal\/wp-content\/uploads\/2021\/03\/Mercores_16_2-1200x1697.jpg 1200w, https:\/\/ciclandocarballo.gal\/wp-content\/uploads\/2021\/03\/Mercores_16_2.jpg 1414w\" sizes=\"(max-width: 724px) 100vw, 724px\" \/><\/figure>\n","protected":false},"excerpt":{"rendered":"<p>Presentado o programa de actividades organizado pola Concellar\u00eda de Mobilidade coa colaboraci\u00f3n da \u00e1rea de Igualdade, o Club Ciclista Carballo, \u00cdntegro e Senda Nova O Concello de Carballo s\u00famase un ano m\u00e1is \u00e1 Semana Europea da Mobilidade, na que participan 2.505 cidades de 47 pa\u00edses. O programa, dese\u00f1ado pola Concellar\u00eda de Mobilidade coa colaboraci\u00f3n da<a class=\"custom-read-more\" href=\"https:\/\/ciclandocarballo.gal\/es\/2020\/09\/14\/carballo-vivira-este-ano-una-semana-europea-de-la-mobilidad-marcada-por-las-restriciones-obligadas-por-la-covid-19\/\">Leer m\u00e1s<\/a><\/p>\n","protected":false},"author":1,"featured_media":366,"comment_status":"closed","ping_status":"closed","sticky":false,"template":"","format":"standard","meta":[],"categories":[32],"tags":[],"_links":{"self":[{"href":"https:\/\/ciclandocarballo.gal\/es\/wp-json\/wp\/v2\/posts\/525"}],"collection":[{"href":"https:\/\/ciclandocarballo.gal\/es\/wp-json\/wp\/v2\/posts"}],"about":[{"href":"https:\/\/ciclandocarballo.gal\/es\/wp-json\/wp\/v2\/types\/post"}],"author":[{"embeddable":true,"href":"https:\/\/ciclandocarballo.gal\/es\/wp-json\/wp\/v2\/users\/1"}],"replies":[{"embeddable":true,"href":"https:\/\/ciclandocarballo.gal\/es\/wp-json\/wp\/v2\/comments?post=525"}],"version-history":[{"count":2,"href":"https:\/\/ciclandocarballo.gal\/es\/wp-json\/wp\/v2\/posts\/525\/revisions"}],"predecessor-version":[{"id":846,"href":"https:\/\/ciclandocarballo.gal\/es\/wp-json\/wp\/v2\/posts\/525\/revisions\/846"}],"wp:featuredmedia":[{"embeddable":true,"href":"https:\/\/ciclandocarballo.gal\/es\/wp-json\/wp\/v2\/media\/366"}],"wp:attachment":[{"href":"https:\/\/ciclandocarballo.gal\/es\/wp-json\/wp\/v2\/media?parent=525"}],"wp:term":[{"taxonomy":"category","embeddable":true,"href":"https:\/\/ciclandocarballo.gal\/es\/wp-json\/wp\/v2\/categories?post=525"},{"taxonomy":"post_tag","embeddable":true,"href":"https:\/\/ciclandocarballo.gal\/es\/wp-json\/wp\/v2\/tags?post=525"}],"curies":[{"name":"wp","href":"https:\/\/api.w.org\/{rel}","templated":true}]}}