{"id":527,"date":"2020-07-22T11:58:31","date_gmt":"2020-07-22T11:58:31","guid":{"rendered":"https:\/\/ciclandocarballo.gal\/?p=527"},"modified":"2021-03-11T21:49:27","modified_gmt":"2021-03-11T21:49:27","slug":"comezamos-una-campana-de-reparto-de-ceniceros-de-plastico-reciclado-para-que-nuestras-playas-esten-aun-mas-limpias","status":"publish","type":"post","link":"https:\/\/ciclandocarballo.gal\/es\/2020\/07\/22\/comezamos-una-campana-de-reparto-de-ceniceros-de-plastico-reciclado-para-que-nuestras-playas-esten-aun-mas-limpias\/","title":{"rendered":"Comenzamos una campa\u00f1a de reparto de ceniceros de pl\u00e1stico reciclado para que nuestras playas esten a\u00fan m\u00e1s limpias"},"content":{"rendered":"\n<blockquote class=\"wp-block-quote\"><p>As concellar\u00edas de Medio Ambiente e Servizos contan coa colaboraci\u00f3n das empresas Sulo e Acciona, esta \u00faltima nova concesionaria do servizo de limpeza dos areais<\/p><\/blockquote>\n\n\n\n<figure class=\"wp-block-image size-large\"><img loading=\"lazy\" width=\"799\" height=\"458\" src=\"https:\/\/ciclandocarballo.gal\/wp-content\/uploads\/2021\/03\/22072020_limpeza_praias_cinceiros.jpg\" alt=\"\" class=\"wp-image-374\" srcset=\"https:\/\/ciclandocarballo.gal\/wp-content\/uploads\/2021\/03\/22072020_limpeza_praias_cinceiros.jpg 799w, https:\/\/ciclandocarballo.gal\/wp-content\/uploads\/2021\/03\/22072020_limpeza_praias_cinceiros-300x172.jpg 300w, https:\/\/ciclandocarballo.gal\/wp-content\/uploads\/2021\/03\/22072020_limpeza_praias_cinceiros-768x440.jpg 768w\" sizes=\"(max-width: 799px) 100vw, 799px\" \/><\/figure>\n\n\n\n<p>As concellar\u00edas de Medio Ambiente e Servizos, coa colaboraci\u00f3n das empresas Sulo e Acciona, po\u00f1en en marcha unha <strong>campa\u00f1a de reparto de cinceiros de pl\u00e1stico reciclado<\/strong> entre as persoas usuarias das nosas praias. O obxectivo principal \u00e9 a eliminaci\u00f3n das cabichas, que, como puidemos comprobar en anos anteriores, constit\u00faen un dos residuos m\u00e1is habituais nos areais, pero os cinceiros, que te\u00f1en forma de cucurucho, tam\u00e9n poden empregarse para cascas de pipas, envoltorios de caramelos ou calquera outro residuo pequeno.<\/p>\n\n\n\n<p>En total po\u00f1emos a disposici\u00f3n da cidadan\u00eda <strong>2.000 cinceiros<\/strong> _achegados pola empresa Sulo, que fabrica colectores, papeleiras e distintos produtos medioambientais con pl\u00e1stico reciclado_ que ser\u00e1n distribu\u00eddos a p\u00e9 de praia polo persoal do servizo de limpeza, a\u00ednda que tam\u00e9n poder\u00e1n solicitarse nos postos de salvamento e na Oficina de Informaci\u00f3n Tur\u00edstica.<\/p>\n\n\n\n<h2>Presentaci\u00f3n da campa\u00f1a<\/h2>\n\n\n\n<p>A campa\u00f1a presentouse est\u00e1 ma\u00f1\u00e1 a p\u00e9 de praia coa presenza de representantes das d\u00faas empresas, o persoal do servizo de limpeza; o concelleiro de Servizos, Luis Lamas, e o alcalde, Evencio Ferrero. No acto d\u00e9ronse a co\u00f1ecer os medios humanos, pero tam\u00e9n os materiais, da empresa Acciona, que v\u00e9n de iniciar o <strong>contrato do servizo de limpeza de praias para os vindeiros catro anos<\/strong>. O equipo humano est\u00e1 integrado por cinco persoas, que se encarga da limpeza mec\u00e1nica e manual dos areais, con especial coidado nas zonas de dunas e de ani\u00f1amento da p\u00edllara; pero que tam\u00e9n se encarga do mantemento dos espazos p\u00fablicos do litoral, o baleirado das papeleiras, a limpeza dos postos de socorrismo e dos aseos, e a xesti\u00f3n e renovaci\u00f3n do certificado de calidade EMAS, que avala a boa prestaci\u00f3n de servizos no noso litoral.<\/p>\n\n\n\n<p>O servizo de limpeza forma parte do <strong>plan integral de coidado e valorizaci\u00f3n da costa<\/strong>, no que tam\u00e9n se enmarcan acci\u00f3ns de sensibilizaci\u00f3n social como a campa\u00f1a <strong>\u201cEu quero Razo-Baldaio\u201d<\/strong>. A nova concesionaria do servizo de limpeza de praias, ademais de colaborar nesta iniciativa co reparto de cinceiros, tam\u00e9n participa noutras acci\u00f3ns, entre elas a limpeza que se levar\u00e1 a cabo o vindeiro 5 de agosto na zona da lagoa. Dende a Concellar\u00eda de Medio Ambiente facemos un chamamento especial \u00e1 colaboraci\u00f3n cidad\u00e1, xa que a ra\u00edz do peche da lagoa o pasado inverno, acumulouse unha gran cantidade de pl\u00e1sticos en toda a contorna intermareal, po\u00f1endo en perigo a flora, a fauna e a imaxe do noso espazo natural. Se queres participar entra na ligaz\u00f3n.<\/p>\n\n\n\n<div class=\"wp-block-buttons\">\n<div class=\"wp-block-button is-style-fill\"><a class=\"wp-block-button__link\"><a href=\"http:\/\/www.carballo.gal\/euqueroRB\/axenda.php?id=1763&amp;idioma=gl&amp;sec=310\">Inscrici\u00f3n para a limpeza de praias do 5 de agosto<\/a><\/a><\/div>\n<\/div>\n","protected":false},"excerpt":{"rendered":"<p>As concellar\u00edas de Medio Ambiente e Servizos contan coa colaboraci\u00f3n das empresas Sulo e Acciona, esta \u00faltima nova concesionaria do servizo de limpeza dos areais As concellar\u00edas de Medio Ambiente e Servizos, coa colaboraci\u00f3n das empresas Sulo e Acciona, po\u00f1en en marcha unha campa\u00f1a de reparto de cinceiros de pl\u00e1stico reciclado entre as persoas usuarias<a class=\"custom-read-more\" href=\"https:\/\/ciclandocarballo.gal\/es\/2020\/07\/22\/comezamos-una-campana-de-reparto-de-ceniceros-de-plastico-reciclado-para-que-nuestras-playas-esten-aun-mas-limpias\/\">Leer m\u00e1s<\/a><\/p>\n","protected":false},"author":1,"featured_media":374,"comment_status":"closed","ping_status":"closed","sticky":false,"template":"","format":"standard","meta":[],"categories":[31],"tags":[],"_links":{"self":[{"href":"https:\/\/ciclandocarballo.gal\/es\/wp-json\/wp\/v2\/posts\/527"}],"collection":[{"href":"https:\/\/ciclandocarballo.gal\/es\/wp-json\/wp\/v2\/posts"}],"about":[{"href":"https:\/\/ciclandocarballo.gal\/es\/wp-json\/wp\/v2\/types\/post"}],"author":[{"embeddable":true,"href":"https:\/\/ciclandocarballo.gal\/es\/wp-json\/wp\/v2\/users\/1"}],"replies":[{"embeddable":true,"href":"https:\/\/ciclandocarballo.gal\/es\/wp-json\/wp\/v2\/comments?post=527"}],"version-history":[{"count":3,"href":"https:\/\/ciclandocarballo.gal\/es\/wp-json\/wp\/v2\/posts\/527\/revisions"}],"predecessor-version":[{"id":562,"href":"https:\/\/ciclandocarballo.gal\/es\/wp-json\/wp\/v2\/posts\/527\/revisions\/562"}],"wp:featuredmedia":[{"embeddable":true,"href":"https:\/\/ciclandocarballo.gal\/es\/wp-json\/wp\/v2\/media\/374"}],"wp:attachment":[{"href":"https:\/\/ciclandocarballo.gal\/es\/wp-json\/wp\/v2\/media?parent=527"}],"wp:term":[{"taxonomy":"category","embeddable":true,"href":"https:\/\/ciclandocarballo.gal\/es\/wp-json\/wp\/v2\/categories?post=527"},{"taxonomy":"post_tag","embeddable":true,"href":"https:\/\/ciclandocarballo.gal\/es\/wp-json\/wp\/v2\/tags?post=527"}],"curies":[{"name":"wp","href":"https:\/\/api.w.org\/{rel}","templated":true}]}}